{"id":111,"date":"2021-06-29T18:08:15","date_gmt":"2021-06-29T16:08:15","guid":{"rendered":"https:\/\/www.reichsamt.info\/amtswegweiser\/?p=111"},"modified":"2022-06-29T18:11:00","modified_gmt":"2022-06-29T16:11:00","slug":"vorgeschichte-des-bundesrathes","status":"publish","type":"post","link":"https:\/\/www.reichsamt.info\/amtswegweiser\/vorgeschichte-des-bundesrathes\/","title":{"rendered":"Vorgeschichte des Bundesrathes"},"content":{"rendered":"<p><strong>Vorgeschichte des Bundesrathes<\/strong><\/p>\n<p style=\"text-align: justify;\">Die Wurzeln des <strong>Bundesrath<\/strong>es reichen bis in die zweite H\u00e4lfte des 19. Jahrhunderts zur\u00fcck und stehen im direkten Zusammenhang mit den Bestrebungen, ein einiges und souver\u00e4nes Deutschland der deutschen V\u00f6lker zu erschaffen. \u201c<strong>Ein Nationalstaat Deutschland<\/strong>\u201c<\/p>\n<p style=\"text-align: justify;\">Stets mu\u00dfte im Deutschen Reich die Ber\u00fccksichtigung und Beteiligung der Territorialgewalten an der Zentralgewalt organisiert werden. Nach dem Modell des Norddeutschen Bundes (gegr\u00fcndet 1867) besa\u00df der Bundesrath des Kaiserreichs von 1871 eine starke Stellung als oberstes Verfassungsorgan, war er doch Ausdruck des ewigen Bundes, als der das Reich gegr\u00fcndet worden war. <strong>Faktisch war dieses Gremium der Tr\u00e4ger der Bundessouver\u00e4nit\u00e4t<\/strong>, was sich darin \u00e4u\u00dferte, dass es nicht nur gleichberechtigt an der Legislative mitwirkte, sondern auch <strong>oberster Tr\u00e4ger der Bundesexekutive<\/strong> war.<\/p>\n<p style=\"text-align: justify;\">W\u00e4hrend der Zeit einer durch den V\u00f6lkerbund gesteuerten Weimarer Republik, wurde dem Bundesrath die Macht entzogen, indem ein Reichsrat erschaffen wurde, der weitaus weniger Kompetenzen hatte als der Bundesrath.<\/p>\n<p style=\"text-align: justify;\">Mit der Beseitigung der L\u00e4nder im Nationalsozialismus wurde auch der Reichsrat abgeschafft.<\/p>\n<p style=\"text-align: justify;\">Bei der Wiederbegr\u00fcndung des vereinigten Wirtschaftsgebietes, die 1949 nach dem Zusammenbruch der Diktatur unter der Aufsicht der westlichen Besatzungsm\u00e4chte erfolgte, griff die verfassunggebende Versammlung, der Parlamentarische Rat, die f\u00f6deralistische Tradition des Reichsrats wieder auf, allerdings entschied man sich f\u00fcr die Bundesratl\u00f6sung.<\/p>\n<p style=\"text-align: justify;\">Am <strong>29. Mai 2008<\/strong> trafen sich erstmals 21 Deutsche in Wolfen. Unter der Leitung von Herrn <strong>Erhard Lorenz<\/strong> wurde den Anwesenden die aktuelle Situation der Reichsbewegungen und kommissarischen Reichs- und Exilregierungen vermittelt, so auch die rechtliche Situation des <em>Vereinigten Wirtschaftsgebietes mit dem Namen Bundesrepublik Deutschland<\/em>, der <em>UN<\/em> bzw. <em>EU<\/em> und den Alliierten.<\/p>\n<p style=\"text-align: justify;\">Seit 1921 stehen wir Deutsche unter Fremdverwaltung, bzw. unter Betreuung mittels Fremdverwaltungen, dadurch <strong>mangelt es <\/strong><em><strong>de jure<\/strong><\/em><strong> und <\/strong><em><strong>de facto<\/strong><\/em><strong> an der Staatsangeh\u00f6rigkeit<\/strong> <strong>zu einem souver\u00e4nen deutschen Staat.<\/strong> Dem wird entgegengehalten, da\u00df der Deutschen-Status \u201c<strong>Statusdeutsch<\/strong>\u201d vom Willen des Betroffenen abh\u00e4ngt und die Statuseigenschaft seit dem 3.\u00a0Oktober 1990 <em>de jure<\/em> (davor bereits <em>de facto<\/em>) <strong>nur noch durch Aufnahme in den Nationalstaat Deutschland bzw. des Deutschen Reiches erworben werden kann.<\/strong><\/p>\n<p style=\"text-align: justify;\"><strong>Wie kommen wir nun aus dieser Staatenlosigkeit heraus?<\/strong><\/p>\n<p style=\"text-align: justify;\">Gem\u00e4\u00df Abstammung, BRD-Gesetzen und -Urkunden, oder EU-Entscheidungen ist es bewiesenerma\u00dfen nicht m\u00f6glich!<br \/>\n<strong>Der\u00a0 pers\u00f6nliche freie Willen, sich zum wahren Deutschland und dem Deutschen Reich zu bekennen fordert allerdings f\u00fcr jeden Statusdeutschen, da\u00df er die Verfassung und die Gesetze des Deutschen Reiches, wie diese am 28. Oktober 1918 in Kraft waren, annimmt und auch anwendet.<\/strong><\/p>\n<p style=\"text-align: justify;\"><strong>Juristisch und v\u00f6lkerrechtlich unbestritten ist die Tatsache, da\u00df Statusdeutsche \u00fcber alle Rechte und Pflichten von deutschen Staatsangeh\u00f6rigen verf\u00fcgen. <\/strong><strong><em>Auch die <\/em><\/strong><em>BRD<\/em> <strong><em>best\u00e4tigt wie folgt:<\/em><\/strong><strong> \u201e<\/strong><em>Die Rechtsstellung eines Statusdeutschen wird erst mit der Aufnahme des Betroffenen in <\/em><strong>Deutschland<\/strong><em> erlangt.<\/em><strong>\u201c <\/strong><strong>und\u00a0 <\/strong><strong>\u201e<\/strong><em>Der deutsche Reisepass und Personalausweis sind kein Nachweis f\u00fcr die deutsche Staatsangeh\u00f6rigkeit, sie begr\u00fcnden nur eine Vermutung, da\u00df der Inhaber die deutsche Staatsangeh\u00f6rigkeit besitzt.\u201c <\/em><\/p>\n<p style=\"text-align: justify;\"><strong>Am 29.05.2008 wurde durch die Anwesenden beschlossen, da\u00df sich der Bundesrath als Volks-Bundesrath bezeichnet und da\u00df er bei allen seinen Entscheidungen und Handlungen die Verfassung vom 28.10.1918 und die Gesetze des Deutschen Reichs einzuhalten hat, damit dem Personal des Vereinigten Wirtschaftsgebietes der Weg in die Reichs- und Staatsangeh\u00f6rigkeit gew\u00e4hrt werden kann.<\/strong><\/p>\n<p style=\"text-align: justify;\">Am 14. Juni 2008 konstituierte sich erstmals der Bundesrath (Volks-Bundesrath).<\/p>\n<p style=\"text-align: justify;\">Am 23. Mai 2009 proklamierte der oberste Souver\u00e4n vor dem Reichstag in Berlin, das Verfassungsorgan Reichstag mit dem Namen Volks-Reichstag.<\/p>\n<p style=\"text-align: justify;\">Am 29. August 2009 konstituierte sich erstmals der Reichstag (Volks-Reichstag).<\/p>\n<p style=\"text-align: justify;\">Nun konnten gem\u00e4\u00df Verfassung, Gesetze verabschiedet und in Kraft gesetzt werden. So folgten neue Gesetze zum Schutz des Deutschen Volkes und unserer Heimat;\u00a0 Gesetze wurden aktualisiert oder au\u00dfer Kraft gesetzt; die Herausgabe von Dokumenten wurde gepr\u00fcft und verabschiedet; Weltnetzseiten wurden f\u00fcr die \u00d6ffentlichkeit gestaltet; Ausbildungen f\u00fcr Reichsbeamte und Rechtsbeist\u00e4nde wurden vorabschiedet und \u00fcberwacht; Friedensvertragliche Regelungen wurden in Kraft gesetzt und ver\u00f6ffentlicht.<\/p>\n<p style=\"text-align: justify;\"><strong>Mit der Herausgabe unserer staatlichen Ausweise und Dokumente wurde auch das Personenstandsregister Deutschland f\u00fcr den Rechtskreis des Deutschen Reiches eingerichtet. <\/strong><\/p>\n<p style=\"text-align: justify;\">Zum 28. April 2018 fand die 78te Tagung des Volks-Reichstages und in Folge die 103te Tagung des Bundesrathes statt. Mit dem 3ten Bereinigungsgesetz im Sinne der Wiedervereinigung Deutschlands konnten die Vorbereitungen f\u00fcr eine neue Epoche Deutschlands abgeschlossen werden. Weit \u00fcber 800 Reichs- und Staatsangeh\u00f6rige haben an diesen Vorbereitungen aktiv mit gewirkt.<\/p>\n<p>Der Bundesrath zum 28. Oktober 2018<\/p>\n","protected":false},"excerpt":{"rendered":"<p>Vorgeschichte des Bundesrathes Die Wurzeln des Bundesrathes reichen bis in die zweite H\u00e4lfte des 19. Jahrhunderts zur\u00fcck und stehen im direkten Zusammenhang mit den Bestrebungen, ein einiges und souver\u00e4nes Deutschland&#8230;<\/p>\n","protected":false},"author":1,"featured_media":113,"comment_status":"closed","ping_status":"open","sticky":false,"template":"","format":"standard","meta":{"footnotes":""},"categories":[11,13,12,9,10,14],"tags":[15,16,17,18,19,20,21,22,23,6,24,25,26,27,28,29,31],"class_list":["post-111","post","type-post","status-publish","format-standard","has-post-thumbnail","hentry","category-deutsches-reich","category-deutschland","category-ewiger-bund","category-organ","category-rechtsordnung","category-verfassungsorgan","tag-28-10-1918","tag-29-05-2008","tag-artikel-4","tag-artikel-5","tag-artikel-74","tag-bevollmaechtige","tag-bundesrath-volks-bundesrath","tag-bundessouveraen","tag-deutsche-reichsverfassung","tag-deutsches-reich","tag-rechtskreis","tag-reichs-personenausweis","tag-reichsamt-des-innern","tag-rgbl-1005232-nr7-uebergangsgesetz","tag-rustag1913","tag-statusdeutsch","tag-vrt-tagung","entry"],"yoast_head":"<!-- This site is optimized with the Yoast SEO plugin v27.1.1 - https:\/\/yoast.com\/product\/yoast-seo-wordpress\/ -->\n<title>Vorgeschichte des Bundesrathes - Amtswegweiser Deutschlands<\/title>\n<meta name=\"robots\" content=\"index, follow, max-snippet:-1, max-image-preview:large, max-video-preview:-1\" \/>\n<link rel=\"canonical\" href=\"https:\/\/www.reichsamt.info\/amtswegweiser\/vorgeschichte-des-bundesrathes\/\" \/>\n<meta property=\"og:locale\" content=\"de_DE\" \/>\n<meta property=\"og:type\" content=\"article\" \/>\n<meta property=\"og:title\" content=\"Vorgeschichte des Bundesrathes - Amtswegweiser Deutschlands\" \/>\n<meta property=\"og:description\" content=\"Vorgeschichte des Bundesrathes Die Wurzeln des Bundesrathes reichen bis in die zweite H\u00e4lfte des 19. Jahrhunderts zur\u00fcck und stehen im direkten Zusammenhang mit den Bestrebungen, ein einiges und souver\u00e4nes Deutschland&#8230;\" \/>\n<meta property=\"og:url\" content=\"https:\/\/www.reichsamt.info\/amtswegweiser\/vorgeschichte-des-bundesrathes\/\" \/>\n<meta property=\"og:site_name\" content=\"Amtswegweiser Deutschlands\" \/>\n<meta property=\"article:published_time\" content=\"2021-06-29T16:08:15+00:00\" \/>\n<meta property=\"article:modified_time\" content=\"2022-06-29T16:11:00+00:00\" \/>\n<meta property=\"og:image\" content=\"https:\/\/www.reichsamt.info\/amtswegweiser\/wp-content\/uploads\/2021\/06\/Germania-Einigkeit.jpg\" \/>\n\t<meta property=\"og:image:width\" content=\"802\" \/>\n\t<meta property=\"og:image:height\" content=\"450\" \/>\n\t<meta property=\"og:image:type\" content=\"image\/jpeg\" \/>\n<meta name=\"author\" content=\"DaDeRe\" \/>\n<meta name=\"twitter:card\" content=\"summary_large_image\" \/>\n<meta name=\"twitter:label1\" content=\"Verfasst von\" \/>\n\t<meta name=\"twitter:data1\" content=\"DaDeRe\" \/>\n\t<meta name=\"twitter:label2\" content=\"Gesch\u00e4tzte Lesezeit\" \/>\n\t<meta name=\"twitter:data2\" content=\"3\u00a0Minuten\" \/>\n<script type=\"application\/ld+json\" class=\"yoast-schema-graph\">{\"@context\":\"https:\/\/schema.org\",\"@graph\":[{\"@type\":\"Article\",\"@id\":\"https:\/\/www.reichsamt.info\/amtswegweiser\/vorgeschichte-des-bundesrathes\/#article\",\"isPartOf\":{\"@id\":\"https:\/\/www.reichsamt.info\/amtswegweiser\/vorgeschichte-des-bundesrathes\/\"},\"author\":{\"name\":\"DaDeRe\",\"@id\":\"https:\/\/www.reichsamt.info\/amtswegweiser\/#\/schema\/person\/fec47afdc8164544471e2619f507dd5d\"},\"headline\":\"Vorgeschichte des Bundesrathes\",\"datePublished\":\"2021-06-29T16:08:15+00:00\",\"dateModified\":\"2022-06-29T16:11:00+00:00\",\"mainEntityOfPage\":{\"@id\":\"https:\/\/www.reichsamt.info\/amtswegweiser\/vorgeschichte-des-bundesrathes\/\"},\"wordCount\":700,\"image\":{\"@id\":\"https:\/\/www.reichsamt.info\/amtswegweiser\/vorgeschichte-des-bundesrathes\/#primaryimage\"},\"thumbnailUrl\":\"https:\/\/www.reichsamt.info\/amtswegweiser\/wp-content\/uploads\/2021\/06\/Germania-Einigkeit.jpg\",\"keywords\":[\"28.10.1918\",\"29.05.2008\",\"Artikel 4\",\"Artikel 5\",\"Artikel 74\",\"Bevollm\u00e4chtige\",\"Bundesrath Volks-Bundesrath\",\"Bundessouver\u00e4n\",\"Deutsche Reichsverfassung\",\"Deutsches Reich\",\"Rechtskreis\",\"Reichs Personenausweis\",\"Reichsamt des Innern\",\"RGBl-1005232-Nr7-Uebergangsgesetz\",\"rustag1913\",\"Statusdeutsch\",\"VRT-Tagung\"],\"articleSection\":[\"Deutsches Reich\",\"Deutschland\",\"ewiger Bund\",\"Organ\",\"Rechtsordnung\",\"Verfassungsorgan\"],\"inLanguage\":\"de\"},{\"@type\":\"WebPage\",\"@id\":\"https:\/\/www.reichsamt.info\/amtswegweiser\/vorgeschichte-des-bundesrathes\/\",\"url\":\"https:\/\/www.reichsamt.info\/amtswegweiser\/vorgeschichte-des-bundesrathes\/\",\"name\":\"Vorgeschichte des Bundesrathes - Amtswegweiser Deutschlands\",\"isPartOf\":{\"@id\":\"https:\/\/www.reichsamt.info\/amtswegweiser\/#website\"},\"primaryImageOfPage\":{\"@id\":\"https:\/\/www.reichsamt.info\/amtswegweiser\/vorgeschichte-des-bundesrathes\/#primaryimage\"},\"image\":{\"@id\":\"https:\/\/www.reichsamt.info\/amtswegweiser\/vorgeschichte-des-bundesrathes\/#primaryimage\"},\"thumbnailUrl\":\"https:\/\/www.reichsamt.info\/amtswegweiser\/wp-content\/uploads\/2021\/06\/Germania-Einigkeit.jpg\",\"datePublished\":\"2021-06-29T16:08:15+00:00\",\"dateModified\":\"2022-06-29T16:11:00+00:00\",\"author\":{\"@id\":\"https:\/\/www.reichsamt.info\/amtswegweiser\/#\/schema\/person\/fec47afdc8164544471e2619f507dd5d\"},\"breadcrumb\":{\"@id\":\"https:\/\/www.reichsamt.info\/amtswegweiser\/vorgeschichte-des-bundesrathes\/#breadcrumb\"},\"inLanguage\":\"de\",\"potentialAction\":[{\"@type\":\"ReadAction\",\"target\":[\"https:\/\/www.reichsamt.info\/amtswegweiser\/vorgeschichte-des-bundesrathes\/\"]}]},{\"@type\":\"ImageObject\",\"inLanguage\":\"de\",\"@id\":\"https:\/\/www.reichsamt.info\/amtswegweiser\/vorgeschichte-des-bundesrathes\/#primaryimage\",\"url\":\"https:\/\/www.reichsamt.info\/amtswegweiser\/wp-content\/uploads\/2021\/06\/Germania-Einigkeit.jpg\",\"contentUrl\":\"https:\/\/www.reichsamt.info\/amtswegweiser\/wp-content\/uploads\/2021\/06\/Germania-Einigkeit.jpg\",\"width\":802,\"height\":450},{\"@type\":\"BreadcrumbList\",\"@id\":\"https:\/\/www.reichsamt.info\/amtswegweiser\/vorgeschichte-des-bundesrathes\/#breadcrumb\",\"itemListElement\":[{\"@type\":\"ListItem\",\"position\":1,\"name\":\"Startseite\",\"item\":\"https:\/\/www.reichsamt.info\/amtswegweiser\/\"},{\"@type\":\"ListItem\",\"position\":2,\"name\":\"Vorgeschichte des Bundesrathes\"}]},{\"@type\":\"WebSite\",\"@id\":\"https:\/\/www.reichsamt.info\/amtswegweiser\/#website\",\"url\":\"https:\/\/www.reichsamt.info\/amtswegweiser\/\",\"name\":\"Amtswegweiser Deutschlands\",\"description\":\"Institutionelle Reichsorgane des Deutschen Reiches\",\"potentialAction\":[{\"@type\":\"SearchAction\",\"target\":{\"@type\":\"EntryPoint\",\"urlTemplate\":\"https:\/\/www.reichsamt.info\/amtswegweiser\/?s={search_term_string}\"},\"query-input\":{\"@type\":\"PropertyValueSpecification\",\"valueRequired\":true,\"valueName\":\"search_term_string\"}}],\"inLanguage\":\"de\"},{\"@type\":\"Person\",\"@id\":\"https:\/\/www.reichsamt.info\/amtswegweiser\/#\/schema\/person\/fec47afdc8164544471e2619f507dd5d\",\"name\":\"DaDeRe\",\"sameAs\":[\"https:\/\/www.reichsamt.info\/amtswegweiser\"],\"url\":\"https:\/\/www.reichsamt.info\/amtswegweiser\/author\/dadere\/\"}]}<\/script>\n<!-- \/ Yoast SEO plugin. -->","yoast_head_json":{"title":"Vorgeschichte des Bundesrathes - Amtswegweiser Deutschlands","robots":{"index":"index","follow":"follow","max-snippet":"max-snippet:-1","max-image-preview":"max-image-preview:large","max-video-preview":"max-video-preview:-1"},"canonical":"https:\/\/www.reichsamt.info\/amtswegweiser\/vorgeschichte-des-bundesrathes\/","og_locale":"de_DE","og_type":"article","og_title":"Vorgeschichte des Bundesrathes - Amtswegweiser Deutschlands","og_description":"Vorgeschichte des Bundesrathes Die Wurzeln des Bundesrathes reichen bis in die zweite H\u00e4lfte des 19. Jahrhunderts zur\u00fcck und stehen im direkten Zusammenhang mit den Bestrebungen, ein einiges und souver\u00e4nes Deutschland&#8230;","og_url":"https:\/\/www.reichsamt.info\/amtswegweiser\/vorgeschichte-des-bundesrathes\/","og_site_name":"Amtswegweiser Deutschlands","article_published_time":"2021-06-29T16:08:15+00:00","article_modified_time":"2022-06-29T16:11:00+00:00","og_image":[{"width":802,"height":450,"url":"https:\/\/www.reichsamt.info\/amtswegweiser\/wp-content\/uploads\/2021\/06\/Germania-Einigkeit.jpg","type":"image\/jpeg"}],"author":"DaDeRe","twitter_card":"summary_large_image","twitter_misc":{"Verfasst von":"DaDeRe","Gesch\u00e4tzte Lesezeit":"3\u00a0Minuten"},"schema":{"@context":"https:\/\/schema.org","@graph":[{"@type":"Article","@id":"https:\/\/www.reichsamt.info\/amtswegweiser\/vorgeschichte-des-bundesrathes\/#article","isPartOf":{"@id":"https:\/\/www.reichsamt.info\/amtswegweiser\/vorgeschichte-des-bundesrathes\/"},"author":{"name":"DaDeRe","@id":"https:\/\/www.reichsamt.info\/amtswegweiser\/#\/schema\/person\/fec47afdc8164544471e2619f507dd5d"},"headline":"Vorgeschichte des Bundesrathes","datePublished":"2021-06-29T16:08:15+00:00","dateModified":"2022-06-29T16:11:00+00:00","mainEntityOfPage":{"@id":"https:\/\/www.reichsamt.info\/amtswegweiser\/vorgeschichte-des-bundesrathes\/"},"wordCount":700,"image":{"@id":"https:\/\/www.reichsamt.info\/amtswegweiser\/vorgeschichte-des-bundesrathes\/#primaryimage"},"thumbnailUrl":"https:\/\/www.reichsamt.info\/amtswegweiser\/wp-content\/uploads\/2021\/06\/Germania-Einigkeit.jpg","keywords":["28.10.1918","29.05.2008","Artikel 4","Artikel 5","Artikel 74","Bevollm\u00e4chtige","Bundesrath Volks-Bundesrath","Bundessouver\u00e4n","Deutsche Reichsverfassung","Deutsches Reich","Rechtskreis","Reichs Personenausweis","Reichsamt des Innern","RGBl-1005232-Nr7-Uebergangsgesetz","rustag1913","Statusdeutsch","VRT-Tagung"],"articleSection":["Deutsches Reich","Deutschland","ewiger Bund","Organ","Rechtsordnung","Verfassungsorgan"],"inLanguage":"de"},{"@type":"WebPage","@id":"https:\/\/www.reichsamt.info\/amtswegweiser\/vorgeschichte-des-bundesrathes\/","url":"https:\/\/www.reichsamt.info\/amtswegweiser\/vorgeschichte-des-bundesrathes\/","name":"Vorgeschichte des Bundesrathes - Amtswegweiser Deutschlands","isPartOf":{"@id":"https:\/\/www.reichsamt.info\/amtswegweiser\/#website"},"primaryImageOfPage":{"@id":"https:\/\/www.reichsamt.info\/amtswegweiser\/vorgeschichte-des-bundesrathes\/#primaryimage"},"image":{"@id":"https:\/\/www.reichsamt.info\/amtswegweiser\/vorgeschichte-des-bundesrathes\/#primaryimage"},"thumbnailUrl":"https:\/\/www.reichsamt.info\/amtswegweiser\/wp-content\/uploads\/2021\/06\/Germania-Einigkeit.jpg","datePublished":"2021-06-29T16:08:15+00:00","dateModified":"2022-06-29T16:11:00+00:00","author":{"@id":"https:\/\/www.reichsamt.info\/amtswegweiser\/#\/schema\/person\/fec47afdc8164544471e2619f507dd5d"},"breadcrumb":{"@id":"https:\/\/www.reichsamt.info\/amtswegweiser\/vorgeschichte-des-bundesrathes\/#breadcrumb"},"inLanguage":"de","potentialAction":[{"@type":"ReadAction","target":["https:\/\/www.reichsamt.info\/amtswegweiser\/vorgeschichte-des-bundesrathes\/"]}]},{"@type":"ImageObject","inLanguage":"de","@id":"https:\/\/www.reichsamt.info\/amtswegweiser\/vorgeschichte-des-bundesrathes\/#primaryimage","url":"https:\/\/www.reichsamt.info\/amtswegweiser\/wp-content\/uploads\/2021\/06\/Germania-Einigkeit.jpg","contentUrl":"https:\/\/www.reichsamt.info\/amtswegweiser\/wp-content\/uploads\/2021\/06\/Germania-Einigkeit.jpg","width":802,"height":450},{"@type":"BreadcrumbList","@id":"https:\/\/www.reichsamt.info\/amtswegweiser\/vorgeschichte-des-bundesrathes\/#breadcrumb","itemListElement":[{"@type":"ListItem","position":1,"name":"Startseite","item":"https:\/\/www.reichsamt.info\/amtswegweiser\/"},{"@type":"ListItem","position":2,"name":"Vorgeschichte des Bundesrathes"}]},{"@type":"WebSite","@id":"https:\/\/www.reichsamt.info\/amtswegweiser\/#website","url":"https:\/\/www.reichsamt.info\/amtswegweiser\/","name":"Amtswegweiser Deutschlands","description":"Institutionelle Reichsorgane des Deutschen Reiches","potentialAction":[{"@type":"SearchAction","target":{"@type":"EntryPoint","urlTemplate":"https:\/\/www.reichsamt.info\/amtswegweiser\/?s={search_term_string}"},"query-input":{"@type":"PropertyValueSpecification","valueRequired":true,"valueName":"search_term_string"}}],"inLanguage":"de"},{"@type":"Person","@id":"https:\/\/www.reichsamt.info\/amtswegweiser\/#\/schema\/person\/fec47afdc8164544471e2619f507dd5d","name":"DaDeRe","sameAs":["https:\/\/www.reichsamt.info\/amtswegweiser"],"url":"https:\/\/www.reichsamt.info\/amtswegweiser\/author\/dadere\/"}]}},"_links":{"self":[{"href":"https:\/\/www.reichsamt.info\/amtswegweiser\/wp-json\/wp\/v2\/posts\/111","targetHints":{"allow":["GET"]}}],"collection":[{"href":"https:\/\/www.reichsamt.info\/amtswegweiser\/wp-json\/wp\/v2\/posts"}],"about":[{"href":"https:\/\/www.reichsamt.info\/amtswegweiser\/wp-json\/wp\/v2\/types\/post"}],"author":[{"embeddable":true,"href":"https:\/\/www.reichsamt.info\/amtswegweiser\/wp-json\/wp\/v2\/users\/1"}],"replies":[{"embeddable":true,"href":"https:\/\/www.reichsamt.info\/amtswegweiser\/wp-json\/wp\/v2\/comments?post=111"}],"version-history":[{"count":0,"href":"https:\/\/www.reichsamt.info\/amtswegweiser\/wp-json\/wp\/v2\/posts\/111\/revisions"}],"wp:featuredmedia":[{"embeddable":true,"href":"https:\/\/www.reichsamt.info\/amtswegweiser\/wp-json\/wp\/v2\/media\/113"}],"wp:attachment":[{"href":"https:\/\/www.reichsamt.info\/amtswegweiser\/wp-json\/wp\/v2\/media?parent=111"}],"wp:term":[{"taxonomy":"category","embeddable":true,"href":"https:\/\/www.reichsamt.info\/amtswegweiser\/wp-json\/wp\/v2\/categories?post=111"},{"taxonomy":"post_tag","embeddable":true,"href":"https:\/\/www.reichsamt.info\/amtswegweiser\/wp-json\/wp\/v2\/tags?post=111"}],"curies":[{"name":"wp","href":"https:\/\/api.w.org\/{rel}","templated":true}]}}