{"id":108,"date":"2021-07-16T18:04:34","date_gmt":"2021-07-16T16:04:34","guid":{"rendered":"https:\/\/www.reichsamt.info\/amtswegweiser\/?p=108"},"modified":"2022-06-29T18:07:40","modified_gmt":"2022-06-29T16:07:40","slug":"vom-bundesrath-ueber-den-volks-bundesrath-zum-bundesrath","status":"publish","type":"post","link":"https:\/\/www.reichsamt.info\/amtswegweiser\/vom-bundesrath-ueber-den-volks-bundesrath-zum-bundesrath\/","title":{"rendered":"Vom Bundesrath \u00fcber den Volks-Bundesrath zum Bundesrath"},"content":{"rendered":"<p style=\"text-align: justify;\">Bundesrath \u2013 Volks-Bundesrath \u2013 Bundesrath<\/p>\n<p style=\"text-align: justify;\">Statusdeutsche sind Deutsche die nach dem Selbstbestimmungsrecht beschlossen haben, das RuStaG 1913 und die Reichsverfassung 1871, \u00c4nderungsstand 28. Oktober 1918 anzuwenden. Statusdeutsche der BRD sind Staatenlose, die unter Betreuung stehen.<\/p>\n<p style=\"text-align: justify;\">Am 29.05.2008 trafen sich 21 Statusdeutsche in Wolfen. Es wurde entschieden Ausweise auszugeben, die Domain reichsamt.info zu erwerben und das Erbe des Bundesrath als Volks-Bundesrath anzutreten. Herr Erhard Lorenz war die gestalterische und antreibende Kraft.<\/p>\n<p style=\"text-align: justify;\">Am 14.06.2008 erste Tagungs-Einberufung mit den Antragsformularen, um den Volks-Bundesrath zu gr\u00fcnden. 41 Statusdeutsche waren beteiligt. Die Entscheidung Zum Volks-Bundesrath wurde getroffen, weil dieses wichtige Verfassungsorgan aus dem Volk erschaffen wurde. Es wurde der Volkseid festgelegt und beschlossen.<\/p>\n<p style=\"text-align: justify;\">Am 13.07.2010 wurden die ersten Reichs-Personenausweise erstellt, gem\u00e4\u00df dem Beschlu\u00df des Volks-Bundesrathes.<\/p>\n<p style=\"text-align: justify;\">Am 23. 05.2011 wurde das RGBl-1005232-Nr7-Uebergangsgesetz in Kraft gesetzt das am 23. 05. 2010 gegeben wurde. Zitat: zu Artikel 3:<\/p>\n<p style=\"text-align: justify;\">Soweit in Gesetzen oder Verordnungen des Deutschen Reiches auf den Bundesrath verwiesen wird, tritt an seine Stelle der Volks-Bundesrath.<\/p>\n<p style=\"text-align: justify;\">Am 02.07.2011 wurde die erste Amtstr\u00e4gerernennung durchgef\u00fchrt \u2013 Staatssekret\u00e4r des Innern Herr Erhard Lorenz Staatssekret\u00e4r der Deutschen Reichspost Herr Peter Glogau.<\/p>\n<p style=\"text-align: justify;\">Am 25.09.2017 wurde im Bundesrath und Volks-Reichstag durch RGBl-1709171-Nr23 das RGBl-1005232-Nr7-Uebergangsgesetz wie folgt ge\u00e4ndert. Zitat: zu Artikel 3:<\/p>\n<p style=\"text-align: justify;\">Soweit in Gesetzen oder Verordnungen des Deutschen Reiches auf den Volks-Bundesrath verwiesen wird, tritt an seine Stelle der Bundesrath. Der Bundesrath besteht aus den Vertretern des Bundes, die den Interessen aller Mitglieder des Bundes gleicherma\u00dfen verpflichtet sind. Dies gilt im Einzelfall solange, wie das jeweilige Mitglied des Bundes handlungsunf\u00e4hig ist, mangels reichsrechtlich genehmigten institutionalisierten Organen.<\/p>\n<p style=\"text-align: justify;\">Seit dem 29.05.2008 sind alle Ernennungen, Gesetze, Beschl\u00fcsse, Verordnungen, Erlasse, Beh\u00f6rden, Institutionen, Reichs- und Staatsangeh\u00f6rige, Dokumente, Urkunden und Handlungen im Rechtskreis des Deutschen Reiches verbindlich und unumst\u00f6\u00dflich. Diese k\u00f6nnen nur durch den wahren Bundesrath sowie dem Volks-Reichstag ge\u00e4ndert werden (siehe Artikel 4 und 5 der Reichsverfassung).<\/p>\n<p style=\"text-align: justify;\">Wer diese in Frage stellt, sich davon distanziert, die Verfassungsorgane diffamiert, verliert nach allen Regeln der Reichsgesetzgebung die b\u00fcrgerlichen Rechte und ist somit Rechts- und Gesch\u00e4ftsunf\u00e4hig. Somit kann er nicht gew\u00e4hlt werden, nicht w\u00e4hlen gehen, keine Firma gr\u00fcnden, keinen Verein gr\u00fcnden oder auch irgendetwas in Frage stellen. Er kann kein Amt annehmen und darf auch nicht als Delegierter im Parlament mitwirken. In unserem Fall steht ihm auch nicht das Recht zu, ein Volks-B\u00fcro zu f\u00fchren.<\/p>\n<p>Kurzerkl\u00e4rung erstellt durch das Reichsamt des Innern, am 21.06.2021<\/p>\n","protected":false},"excerpt":{"rendered":"<p>Bundesrath \u2013 Volks-Bundesrath \u2013 Bundesrath Statusdeutsche sind Deutsche die nach dem Selbstbestimmungsrecht beschlossen haben, das RuStaG 1913 und die Reichsverfassung 1871, \u00c4nderungsstand 28. Oktober 1918 anzuwenden. Statusdeutsche der BRD sind&#8230;<\/p>\n","protected":false},"author":1,"featured_media":110,"comment_status":"closed","ping_status":"open","sticky":false,"template":"","format":"standard","meta":{"footnotes":""},"categories":[11,13,12,9,10,14],"tags":[15,16,17,18,19,20,21,22,23,6,24,25,26,27,28,29,30],"class_list":["post-108","post","type-post","status-publish","format-standard","has-post-thumbnail","hentry","category-deutsches-reich","category-deutschland","category-ewiger-bund","category-organ","category-rechtsordnung","category-verfassungsorgan","tag-28-10-1918","tag-29-05-2008","tag-artikel-4","tag-artikel-5","tag-artikel-74","tag-bevollmaechtige","tag-bundesrath-volks-bundesrath","tag-bundessouveraen","tag-deutsche-reichsverfassung","tag-deutsches-reich","tag-rechtskreis","tag-reichs-personenausweis","tag-reichsamt-des-innern","tag-rgbl-1005232-nr7-uebergangsgesetz","tag-rustag1913","tag-statusdeutsch","tag-tagung","entry"],"yoast_head":"<!-- This site is optimized with the Yoast SEO plugin v27.1.1 - https:\/\/yoast.com\/product\/yoast-seo-wordpress\/ -->\n<title>Vom Bundesrath \u00fcber den Volks-Bundesrath zum Bundesrath - Amtswegweiser Deutschlands<\/title>\n<meta name=\"robots\" content=\"index, follow, max-snippet:-1, max-image-preview:large, max-video-preview:-1\" \/>\n<link rel=\"canonical\" href=\"https:\/\/www.reichsamt.info\/amtswegweiser\/vom-bundesrath-ueber-den-volks-bundesrath-zum-bundesrath\/\" \/>\n<meta property=\"og:locale\" content=\"de_DE\" \/>\n<meta property=\"og:type\" content=\"article\" \/>\n<meta property=\"og:title\" content=\"Vom Bundesrath \u00fcber den Volks-Bundesrath zum Bundesrath - Amtswegweiser Deutschlands\" \/>\n<meta property=\"og:description\" content=\"Bundesrath \u2013 Volks-Bundesrath \u2013 Bundesrath Statusdeutsche sind Deutsche die nach dem Selbstbestimmungsrecht beschlossen haben, das RuStaG 1913 und die Reichsverfassung 1871, \u00c4nderungsstand 28. Oktober 1918 anzuwenden. Statusdeutsche der BRD sind&#8230;\" \/>\n<meta property=\"og:url\" content=\"https:\/\/www.reichsamt.info\/amtswegweiser\/vom-bundesrath-ueber-den-volks-bundesrath-zum-bundesrath\/\" \/>\n<meta property=\"og:site_name\" content=\"Amtswegweiser Deutschlands\" \/>\n<meta property=\"article:published_time\" content=\"2021-07-16T16:04:34+00:00\" \/>\n<meta property=\"article:modified_time\" content=\"2022-06-29T16:07:40+00:00\" \/>\n<meta property=\"og:image\" content=\"https:\/\/www.reichsamt.info\/amtswegweiser\/wp-content\/uploads\/2021\/07\/Logobild-Bundesrath.jpg\" \/>\n\t<meta property=\"og:image:width\" content=\"918\" \/>\n\t<meta property=\"og:image:height\" content=\"414\" \/>\n\t<meta property=\"og:image:type\" content=\"image\/jpeg\" \/>\n<meta name=\"author\" content=\"DaDeRe\" \/>\n<meta name=\"twitter:card\" content=\"summary_large_image\" \/>\n<meta name=\"twitter:label1\" content=\"Verfasst von\" \/>\n\t<meta name=\"twitter:data1\" content=\"DaDeRe\" \/>\n\t<meta name=\"twitter:label2\" content=\"Gesch\u00e4tzte Lesezeit\" \/>\n\t<meta name=\"twitter:data2\" content=\"3\u00a0Minuten\" \/>\n<script type=\"application\/ld+json\" class=\"yoast-schema-graph\">{\"@context\":\"https:\/\/schema.org\",\"@graph\":[{\"@type\":\"Article\",\"@id\":\"https:\/\/www.reichsamt.info\/amtswegweiser\/vom-bundesrath-ueber-den-volks-bundesrath-zum-bundesrath\/#article\",\"isPartOf\":{\"@id\":\"https:\/\/www.reichsamt.info\/amtswegweiser\/vom-bundesrath-ueber-den-volks-bundesrath-zum-bundesrath\/\"},\"author\":{\"name\":\"DaDeRe\",\"@id\":\"https:\/\/www.reichsamt.info\/amtswegweiser\/#\/schema\/person\/fec47afdc8164544471e2619f507dd5d\"},\"headline\":\"Vom Bundesrath \u00fcber den Volks-Bundesrath zum Bundesrath\",\"datePublished\":\"2021-07-16T16:04:34+00:00\",\"dateModified\":\"2022-06-29T16:07:40+00:00\",\"mainEntityOfPage\":{\"@id\":\"https:\/\/www.reichsamt.info\/amtswegweiser\/vom-bundesrath-ueber-den-volks-bundesrath-zum-bundesrath\/\"},\"wordCount\":395,\"image\":{\"@id\":\"https:\/\/www.reichsamt.info\/amtswegweiser\/vom-bundesrath-ueber-den-volks-bundesrath-zum-bundesrath\/#primaryimage\"},\"thumbnailUrl\":\"https:\/\/www.reichsamt.info\/amtswegweiser\/wp-content\/uploads\/2021\/07\/Logobild-Bundesrath.jpg\",\"keywords\":[\"28.10.1918\",\"29.05.2008\",\"Artikel 4\",\"Artikel 5\",\"Artikel 74\",\"Bevollm\u00e4chtige\",\"Bundesrath Volks-Bundesrath\",\"Bundessouver\u00e4n\",\"Deutsche Reichsverfassung\",\"Deutsches Reich\",\"Rechtskreis\",\"Reichs Personenausweis\",\"Reichsamt des Innern\",\"RGBl-1005232-Nr7-Uebergangsgesetz\",\"rustag1913\",\"Statusdeutsch\",\"Tagung\"],\"articleSection\":[\"Deutsches Reich\",\"Deutschland\",\"ewiger Bund\",\"Organ\",\"Rechtsordnung\",\"Verfassungsorgan\"],\"inLanguage\":\"de\"},{\"@type\":\"WebPage\",\"@id\":\"https:\/\/www.reichsamt.info\/amtswegweiser\/vom-bundesrath-ueber-den-volks-bundesrath-zum-bundesrath\/\",\"url\":\"https:\/\/www.reichsamt.info\/amtswegweiser\/vom-bundesrath-ueber-den-volks-bundesrath-zum-bundesrath\/\",\"name\":\"Vom Bundesrath \u00fcber den Volks-Bundesrath zum Bundesrath - Amtswegweiser Deutschlands\",\"isPartOf\":{\"@id\":\"https:\/\/www.reichsamt.info\/amtswegweiser\/#website\"},\"primaryImageOfPage\":{\"@id\":\"https:\/\/www.reichsamt.info\/amtswegweiser\/vom-bundesrath-ueber-den-volks-bundesrath-zum-bundesrath\/#primaryimage\"},\"image\":{\"@id\":\"https:\/\/www.reichsamt.info\/amtswegweiser\/vom-bundesrath-ueber-den-volks-bundesrath-zum-bundesrath\/#primaryimage\"},\"thumbnailUrl\":\"https:\/\/www.reichsamt.info\/amtswegweiser\/wp-content\/uploads\/2021\/07\/Logobild-Bundesrath.jpg\",\"datePublished\":\"2021-07-16T16:04:34+00:00\",\"dateModified\":\"2022-06-29T16:07:40+00:00\",\"author\":{\"@id\":\"https:\/\/www.reichsamt.info\/amtswegweiser\/#\/schema\/person\/fec47afdc8164544471e2619f507dd5d\"},\"breadcrumb\":{\"@id\":\"https:\/\/www.reichsamt.info\/amtswegweiser\/vom-bundesrath-ueber-den-volks-bundesrath-zum-bundesrath\/#breadcrumb\"},\"inLanguage\":\"de\",\"potentialAction\":[{\"@type\":\"ReadAction\",\"target\":[\"https:\/\/www.reichsamt.info\/amtswegweiser\/vom-bundesrath-ueber-den-volks-bundesrath-zum-bundesrath\/\"]}]},{\"@type\":\"ImageObject\",\"inLanguage\":\"de\",\"@id\":\"https:\/\/www.reichsamt.info\/amtswegweiser\/vom-bundesrath-ueber-den-volks-bundesrath-zum-bundesrath\/#primaryimage\",\"url\":\"https:\/\/www.reichsamt.info\/amtswegweiser\/wp-content\/uploads\/2021\/07\/Logobild-Bundesrath.jpg\",\"contentUrl\":\"https:\/\/www.reichsamt.info\/amtswegweiser\/wp-content\/uploads\/2021\/07\/Logobild-Bundesrath.jpg\",\"width\":918,\"height\":414},{\"@type\":\"BreadcrumbList\",\"@id\":\"https:\/\/www.reichsamt.info\/amtswegweiser\/vom-bundesrath-ueber-den-volks-bundesrath-zum-bundesrath\/#breadcrumb\",\"itemListElement\":[{\"@type\":\"ListItem\",\"position\":1,\"name\":\"Startseite\",\"item\":\"https:\/\/www.reichsamt.info\/amtswegweiser\/\"},{\"@type\":\"ListItem\",\"position\":2,\"name\":\"Vom Bundesrath \u00fcber den Volks-Bundesrath zum Bundesrath\"}]},{\"@type\":\"WebSite\",\"@id\":\"https:\/\/www.reichsamt.info\/amtswegweiser\/#website\",\"url\":\"https:\/\/www.reichsamt.info\/amtswegweiser\/\",\"name\":\"Amtswegweiser Deutschlands\",\"description\":\"Institutionelle Reichsorgane des Deutschen Reiches\",\"potentialAction\":[{\"@type\":\"SearchAction\",\"target\":{\"@type\":\"EntryPoint\",\"urlTemplate\":\"https:\/\/www.reichsamt.info\/amtswegweiser\/?s={search_term_string}\"},\"query-input\":{\"@type\":\"PropertyValueSpecification\",\"valueRequired\":true,\"valueName\":\"search_term_string\"}}],\"inLanguage\":\"de\"},{\"@type\":\"Person\",\"@id\":\"https:\/\/www.reichsamt.info\/amtswegweiser\/#\/schema\/person\/fec47afdc8164544471e2619f507dd5d\",\"name\":\"DaDeRe\",\"sameAs\":[\"https:\/\/www.reichsamt.info\/amtswegweiser\"],\"url\":\"https:\/\/www.reichsamt.info\/amtswegweiser\/author\/dadere\/\"}]}<\/script>\n<!-- \/ Yoast SEO plugin. -->","yoast_head_json":{"title":"Vom Bundesrath \u00fcber den Volks-Bundesrath zum Bundesrath - Amtswegweiser Deutschlands","robots":{"index":"index","follow":"follow","max-snippet":"max-snippet:-1","max-image-preview":"max-image-preview:large","max-video-preview":"max-video-preview:-1"},"canonical":"https:\/\/www.reichsamt.info\/amtswegweiser\/vom-bundesrath-ueber-den-volks-bundesrath-zum-bundesrath\/","og_locale":"de_DE","og_type":"article","og_title":"Vom Bundesrath \u00fcber den Volks-Bundesrath zum Bundesrath - Amtswegweiser Deutschlands","og_description":"Bundesrath \u2013 Volks-Bundesrath \u2013 Bundesrath Statusdeutsche sind Deutsche die nach dem Selbstbestimmungsrecht beschlossen haben, das RuStaG 1913 und die Reichsverfassung 1871, \u00c4nderungsstand 28. Oktober 1918 anzuwenden. Statusdeutsche der BRD sind&#8230;","og_url":"https:\/\/www.reichsamt.info\/amtswegweiser\/vom-bundesrath-ueber-den-volks-bundesrath-zum-bundesrath\/","og_site_name":"Amtswegweiser Deutschlands","article_published_time":"2021-07-16T16:04:34+00:00","article_modified_time":"2022-06-29T16:07:40+00:00","og_image":[{"width":918,"height":414,"url":"https:\/\/www.reichsamt.info\/amtswegweiser\/wp-content\/uploads\/2021\/07\/Logobild-Bundesrath.jpg","type":"image\/jpeg"}],"author":"DaDeRe","twitter_card":"summary_large_image","twitter_misc":{"Verfasst von":"DaDeRe","Gesch\u00e4tzte Lesezeit":"3\u00a0Minuten"},"schema":{"@context":"https:\/\/schema.org","@graph":[{"@type":"Article","@id":"https:\/\/www.reichsamt.info\/amtswegweiser\/vom-bundesrath-ueber-den-volks-bundesrath-zum-bundesrath\/#article","isPartOf":{"@id":"https:\/\/www.reichsamt.info\/amtswegweiser\/vom-bundesrath-ueber-den-volks-bundesrath-zum-bundesrath\/"},"author":{"name":"DaDeRe","@id":"https:\/\/www.reichsamt.info\/amtswegweiser\/#\/schema\/person\/fec47afdc8164544471e2619f507dd5d"},"headline":"Vom Bundesrath \u00fcber den Volks-Bundesrath zum Bundesrath","datePublished":"2021-07-16T16:04:34+00:00","dateModified":"2022-06-29T16:07:40+00:00","mainEntityOfPage":{"@id":"https:\/\/www.reichsamt.info\/amtswegweiser\/vom-bundesrath-ueber-den-volks-bundesrath-zum-bundesrath\/"},"wordCount":395,"image":{"@id":"https:\/\/www.reichsamt.info\/amtswegweiser\/vom-bundesrath-ueber-den-volks-bundesrath-zum-bundesrath\/#primaryimage"},"thumbnailUrl":"https:\/\/www.reichsamt.info\/amtswegweiser\/wp-content\/uploads\/2021\/07\/Logobild-Bundesrath.jpg","keywords":["28.10.1918","29.05.2008","Artikel 4","Artikel 5","Artikel 74","Bevollm\u00e4chtige","Bundesrath Volks-Bundesrath","Bundessouver\u00e4n","Deutsche Reichsverfassung","Deutsches Reich","Rechtskreis","Reichs Personenausweis","Reichsamt des Innern","RGBl-1005232-Nr7-Uebergangsgesetz","rustag1913","Statusdeutsch","Tagung"],"articleSection":["Deutsches Reich","Deutschland","ewiger Bund","Organ","Rechtsordnung","Verfassungsorgan"],"inLanguage":"de"},{"@type":"WebPage","@id":"https:\/\/www.reichsamt.info\/amtswegweiser\/vom-bundesrath-ueber-den-volks-bundesrath-zum-bundesrath\/","url":"https:\/\/www.reichsamt.info\/amtswegweiser\/vom-bundesrath-ueber-den-volks-bundesrath-zum-bundesrath\/","name":"Vom Bundesrath \u00fcber den Volks-Bundesrath zum Bundesrath - Amtswegweiser Deutschlands","isPartOf":{"@id":"https:\/\/www.reichsamt.info\/amtswegweiser\/#website"},"primaryImageOfPage":{"@id":"https:\/\/www.reichsamt.info\/amtswegweiser\/vom-bundesrath-ueber-den-volks-bundesrath-zum-bundesrath\/#primaryimage"},"image":{"@id":"https:\/\/www.reichsamt.info\/amtswegweiser\/vom-bundesrath-ueber-den-volks-bundesrath-zum-bundesrath\/#primaryimage"},"thumbnailUrl":"https:\/\/www.reichsamt.info\/amtswegweiser\/wp-content\/uploads\/2021\/07\/Logobild-Bundesrath.jpg","datePublished":"2021-07-16T16:04:34+00:00","dateModified":"2022-06-29T16:07:40+00:00","author":{"@id":"https:\/\/www.reichsamt.info\/amtswegweiser\/#\/schema\/person\/fec47afdc8164544471e2619f507dd5d"},"breadcrumb":{"@id":"https:\/\/www.reichsamt.info\/amtswegweiser\/vom-bundesrath-ueber-den-volks-bundesrath-zum-bundesrath\/#breadcrumb"},"inLanguage":"de","potentialAction":[{"@type":"ReadAction","target":["https:\/\/www.reichsamt.info\/amtswegweiser\/vom-bundesrath-ueber-den-volks-bundesrath-zum-bundesrath\/"]}]},{"@type":"ImageObject","inLanguage":"de","@id":"https:\/\/www.reichsamt.info\/amtswegweiser\/vom-bundesrath-ueber-den-volks-bundesrath-zum-bundesrath\/#primaryimage","url":"https:\/\/www.reichsamt.info\/amtswegweiser\/wp-content\/uploads\/2021\/07\/Logobild-Bundesrath.jpg","contentUrl":"https:\/\/www.reichsamt.info\/amtswegweiser\/wp-content\/uploads\/2021\/07\/Logobild-Bundesrath.jpg","width":918,"height":414},{"@type":"BreadcrumbList","@id":"https:\/\/www.reichsamt.info\/amtswegweiser\/vom-bundesrath-ueber-den-volks-bundesrath-zum-bundesrath\/#breadcrumb","itemListElement":[{"@type":"ListItem","position":1,"name":"Startseite","item":"https:\/\/www.reichsamt.info\/amtswegweiser\/"},{"@type":"ListItem","position":2,"name":"Vom Bundesrath \u00fcber den Volks-Bundesrath zum Bundesrath"}]},{"@type":"WebSite","@id":"https:\/\/www.reichsamt.info\/amtswegweiser\/#website","url":"https:\/\/www.reichsamt.info\/amtswegweiser\/","name":"Amtswegweiser Deutschlands","description":"Institutionelle Reichsorgane des Deutschen Reiches","potentialAction":[{"@type":"SearchAction","target":{"@type":"EntryPoint","urlTemplate":"https:\/\/www.reichsamt.info\/amtswegweiser\/?s={search_term_string}"},"query-input":{"@type":"PropertyValueSpecification","valueRequired":true,"valueName":"search_term_string"}}],"inLanguage":"de"},{"@type":"Person","@id":"https:\/\/www.reichsamt.info\/amtswegweiser\/#\/schema\/person\/fec47afdc8164544471e2619f507dd5d","name":"DaDeRe","sameAs":["https:\/\/www.reichsamt.info\/amtswegweiser"],"url":"https:\/\/www.reichsamt.info\/amtswegweiser\/author\/dadere\/"}]}},"_links":{"self":[{"href":"https:\/\/www.reichsamt.info\/amtswegweiser\/wp-json\/wp\/v2\/posts\/108","targetHints":{"allow":["GET"]}}],"collection":[{"href":"https:\/\/www.reichsamt.info\/amtswegweiser\/wp-json\/wp\/v2\/posts"}],"about":[{"href":"https:\/\/www.reichsamt.info\/amtswegweiser\/wp-json\/wp\/v2\/types\/post"}],"author":[{"embeddable":true,"href":"https:\/\/www.reichsamt.info\/amtswegweiser\/wp-json\/wp\/v2\/users\/1"}],"replies":[{"embeddable":true,"href":"https:\/\/www.reichsamt.info\/amtswegweiser\/wp-json\/wp\/v2\/comments?post=108"}],"version-history":[{"count":0,"href":"https:\/\/www.reichsamt.info\/amtswegweiser\/wp-json\/wp\/v2\/posts\/108\/revisions"}],"wp:featuredmedia":[{"embeddable":true,"href":"https:\/\/www.reichsamt.info\/amtswegweiser\/wp-json\/wp\/v2\/media\/110"}],"wp:attachment":[{"href":"https:\/\/www.reichsamt.info\/amtswegweiser\/wp-json\/wp\/v2\/media?parent=108"}],"wp:term":[{"taxonomy":"category","embeddable":true,"href":"https:\/\/www.reichsamt.info\/amtswegweiser\/wp-json\/wp\/v2\/categories?post=108"},{"taxonomy":"post_tag","embeddable":true,"href":"https:\/\/www.reichsamt.info\/amtswegweiser\/wp-json\/wp\/v2\/tags?post=108"}],"curies":[{"name":"wp","href":"https:\/\/api.w.org\/{rel}","templated":true}]}}